{"id":2519,"date":"2024-04-05T17:18:46","date_gmt":"2024-04-05T15:18:46","guid":{"rendered":"https:\/\/www.johanbjorklund.se\/?p=2519"},"modified":"2024-04-05T17:20:20","modified_gmt":"2024-04-05T15:20:20","slug":"armand-van-wijck-nothing-to-declare-new-record-out-april-5-2024","status":"publish","type":"post","link":"https:\/\/www.johanbjorklund.se\/index.php\/2024\/04\/armand-van-wijck-nothing-to-declare-new-record-out-april-5-2024\/","title":{"rendered":"Armand van Wijck &#8211; &#8221;Nothing to Declare&#8221; New record out April 5 2024"},"content":{"rendered":"\n<figure class=\"wp-block-image size-large is-style-default\"><a href=\"https:\/\/www.johanbjorklund.se\/wp\/wp-content\/uploads\/2024\/03\/Digital-CD-Cover-Armand-van-Wijck-Nothing-to-declare-scaled.jpg\"><img decoding=\"async\" loading=\"lazy\" width=\"1024\" height=\"1024\" src=\"https:\/\/www.johanbjorklund.se\/wp\/wp-content\/uploads\/2024\/03\/Digital-CD-Cover-Armand-van-Wijck-Nothing-to-declare-1024x1024.jpg\" alt=\"\" class=\"wp-image-2424\" srcset=\"https:\/\/www.johanbjorklund.se\/wp\/wp-content\/uploads\/2024\/03\/Digital-CD-Cover-Armand-van-Wijck-Nothing-to-declare-1024x1024.jpg 1024w, https:\/\/www.johanbjorklund.se\/wp\/wp-content\/uploads\/2024\/03\/Digital-CD-Cover-Armand-van-Wijck-Nothing-to-declare-300x300.jpg 300w, https:\/\/www.johanbjorklund.se\/wp\/wp-content\/uploads\/2024\/03\/Digital-CD-Cover-Armand-van-Wijck-Nothing-to-declare-150x150.jpg 150w, https:\/\/www.johanbjorklund.se\/wp\/wp-content\/uploads\/2024\/03\/Digital-CD-Cover-Armand-van-Wijck-Nothing-to-declare-768x768.jpg 768w, https:\/\/www.johanbjorklund.se\/wp\/wp-content\/uploads\/2024\/03\/Digital-CD-Cover-Armand-van-Wijck-Nothing-to-declare-1536x1536.jpg 1536w, https:\/\/www.johanbjorklund.se\/wp\/wp-content\/uploads\/2024\/03\/Digital-CD-Cover-Armand-van-Wijck-Nothing-to-declare-2048x2048.jpg 2048w, https:\/\/www.johanbjorklund.se\/wp\/wp-content\/uploads\/2024\/03\/Digital-CD-Cover-Armand-van-Wijck-Nothing-to-declare-100x100.jpg 100w\" sizes=\"(max-width: 767px) 89vw, (max-width: 1000px) 54vw, (max-width: 1071px) 543px, 580px\" \/><\/a><\/figure>\n\n\n\n<figure class=\"wp-block-embed is-type-rich is-provider-spotify wp-block-embed-spotify wp-embed-aspect-21-9 wp-has-aspect-ratio\"><div class=\"wp-block-embed__wrapper\">\n<iframe title=\"Spotify Embed: Nothing to Declare\" style=\"border-radius: 12px\" width=\"100%\" height=\"352\" frameborder=\"0\" allowfullscreen allow=\"autoplay; clipboard-write; encrypted-media; fullscreen; picture-in-picture\" loading=\"lazy\" src=\"https:\/\/open.spotify.com\/embed\/album\/38Ae1VOoHxSp8R5oeBB41O?si=UNPIQcygRVSnpTMwqUtAgQ&#038;utm_source=oembed\"><\/iframe>\n<\/div><\/figure>\n\n\n\n<p>Born into the rich tapestry of an Indo-Dutch-Creole heritage, Armand van Wijck is a globally inspired musician who weaves his multicultural experiences into captivating melodies. His music embraces a harmonious blend of modern jazz, impressionism and various folk influences, furthermore inspired by Nordic jazz icons. Armand&#8217;s work embodies unity through shared experiences, inspiring harmony amidst diversity.<\/p>\n\n\n\n<p>Originally from the Netherlands, Armand has made a mark with his chromatic harmonica performances in his home country. When he moved to Sweden his modern jazz project evolved to what it is today. He got influenced by the genuine playing and Nordic sound of the Swedish musicians of his quartet, as well as by his partner, Riksspelman and violinist Magdalena Eriksson. Trying to reconnect with his roots while away from his home culture, he also picked up the suling, a traditional Indonesian bamboo flute.<\/p>\n\n\n\n<h2 class=\"wp-block-heading\">MUSICIANS<\/h2>\n\n\n\n<p>Armand van Wijck &#8211; harmonica, suling<br>Bj\u00f6rn Peterson &#8211; double bass<br>Axel Liljedahl Nordstr\u00f6m &#8211; piano<br>Johan Bj\u00f6rklund &#8211; drums<br>Magdalena Eriksson &#8211; violin, vocals<\/p>\n\n\n\n<h2 class=\"wp-block-heading\">LINKS<\/h2>\n\n\n\n<p><a href=\"https:\/\/www.barkatyourowner.se\/howlingjazz\">Howling Jazz!!! &#8211; Record Label<\/a><br><a href=\"https:\/\/www.musikcentrumost.se\/artist\/armand-van-wijck\">Armand van Wijck &#8211; Musikcentrum \u00d6st<\/a><\/p>\n","protected":false},"excerpt":{"rendered":"<p>Born into the rich tapestry of an Indo-Dutch-Creole heritage, Armand van Wijck is a globally inspired musician who weaves his multicultural experiences into captivating melodies. His music embraces a harmonious blend of modern jazz, impressionism and various folk influences, furthermore inspired by Nordic jazz icons. Armand&#8217;s work embodies unity through shared experiences, inspiring harmony amidst &hellip; <\/p>\n<p class=\"link-more\"><a href=\"https:\/\/www.johanbjorklund.se\/index.php\/2024\/04\/armand-van-wijck-nothing-to-declare-new-record-out-april-5-2024\/\" class=\"more-link\">Forts\u00e4tt l\u00e4sa<span class=\"screen-reader-text\"> &#8221;Armand van Wijck &#8211; &#8221;Nothing to Declare&#8221; New record out April 5 2024&#8243;<\/span><\/a><\/p>\n","protected":false},"author":1,"featured_media":0,"comment_status":"closed","ping_status":"closed","sticky":false,"template":"","format":"standard","meta":{"footnotes":""},"categories":[1],"tags":[],"_links":{"self":[{"href":"https:\/\/www.johanbjorklund.se\/index.php\/wp-json\/wp\/v2\/posts\/2519"}],"collection":[{"href":"https:\/\/www.johanbjorklund.se\/index.php\/wp-json\/wp\/v2\/posts"}],"about":[{"href":"https:\/\/www.johanbjorklund.se\/index.php\/wp-json\/wp\/v2\/types\/post"}],"author":[{"embeddable":true,"href":"https:\/\/www.johanbjorklund.se\/index.php\/wp-json\/wp\/v2\/users\/1"}],"replies":[{"embeddable":true,"href":"https:\/\/www.johanbjorklund.se\/index.php\/wp-json\/wp\/v2\/comments?post=2519"}],"version-history":[{"count":2,"href":"https:\/\/www.johanbjorklund.se\/index.php\/wp-json\/wp\/v2\/posts\/2519\/revisions"}],"predecessor-version":[{"id":2521,"href":"https:\/\/www.johanbjorklund.se\/index.php\/wp-json\/wp\/v2\/posts\/2519\/revisions\/2521"}],"wp:attachment":[{"href":"https:\/\/www.johanbjorklund.se\/index.php\/wp-json\/wp\/v2\/media?parent=2519"}],"wp:term":[{"taxonomy":"category","embeddable":true,"href":"https:\/\/www.johanbjorklund.se\/index.php\/wp-json\/wp\/v2\/categories?post=2519"},{"taxonomy":"post_tag","embeddable":true,"href":"https:\/\/www.johanbjorklund.se\/index.php\/wp-json\/wp\/v2\/tags?post=2519"}],"curies":[{"name":"wp","href":"https:\/\/api.w.org\/{rel}","templated":true}]}}