{"id":1128,"date":"2017-06-21T23:46:55","date_gmt":"2017-06-21T21:46:55","guid":{"rendered":"http:\/\/www.johanbjorklund.se\/?p=1128"},"modified":"2017-06-21T23:47:30","modified_gmt":"2017-06-21T21:47:30","slug":"byggnads-kulturstipendium-2017","status":"publish","type":"post","link":"https:\/\/www.johanbjorklund.se\/index.php\/2017\/06\/byggnads-kulturstipendium-2017\/","title":{"rendered":"Byggnads Kulturstipendium 2017"},"content":{"rendered":"<p><!--?xml version=\"1.0\" encoding=\"UTF-8\" standalone=\"no\"?--><\/p>\n<div>\n<p style=\"color: #000000;\"><b>In swedish:<br \/>\nJohan Bj\u00f6rklund &#8211; Musik<br \/>\n<\/b>&#8221;Barn och unga har idag olika f\u00f6ruts\u00e4ttningar, ofta beroende p\u00e5 var de bor, n\u00e4r det g\u00e4ller att f\u00e5 uppleva och inspireras av olika konstn\u00e4rliga uttryck. I mer \u00e4n 20 \u00e5r har Johan Bj\u00f6rklund arbetat med skolprojekt d\u00e4r han med jazz och improvisation m\u00f6ter en ung och \u00f6ppen publik. Han f\u00e5r Byggnads kulturstipendium f\u00f6r att kunna satsa mer f\u00f6r att n\u00e5 de som idag befinner sig utanf\u00f6r storstaden.&#8221;<a href=\"https:\/\/www.johanbjorklund.se\/wp\/wp-content\/uploads\/2017\/06\/DSC03569.jpg\"><img decoding=\"async\" loading=\"lazy\" class=\"alignleft size-medium wp-image-1129\" src=\"https:\/\/www.johanbjorklund.se\/wp\/wp-content\/uploads\/2017\/06\/DSC03569-300x200.jpg\" alt=\"DSC03569\" width=\"300\" height=\"200\" srcset=\"https:\/\/www.johanbjorklund.se\/wp\/wp-content\/uploads\/2017\/06\/DSC03569-300x200.jpg 300w, https:\/\/www.johanbjorklund.se\/wp\/wp-content\/uploads\/2017\/06\/DSC03569-1024x683.jpg 1024w\" sizes=\"(max-width: 300px) 100vw, 300px\" \/><\/a><\/p>\n<\/div>\n","protected":false},"excerpt":{"rendered":"<p>In swedish: Johan Bj\u00f6rklund &#8211; Musik &#8221;Barn och unga har idag olika f\u00f6ruts\u00e4ttningar, ofta beroende p\u00e5 var de bor, n\u00e4r det g\u00e4ller att f\u00e5 uppleva och inspireras av olika konstn\u00e4rliga uttryck. I mer \u00e4n 20 \u00e5r har Johan Bj\u00f6rklund arbetat med skolprojekt d\u00e4r han med jazz och improvisation m\u00f6ter en ung och \u00f6ppen publik. Han &hellip; <\/p>\n<p class=\"link-more\"><a href=\"https:\/\/www.johanbjorklund.se\/index.php\/2017\/06\/byggnads-kulturstipendium-2017\/\" class=\"more-link\">Forts\u00e4tt l\u00e4sa<span class=\"screen-reader-text\"> &#8221;Byggnads Kulturstipendium 2017&#8221;<\/span><\/a><\/p>\n","protected":false},"author":1,"featured_media":0,"comment_status":"open","ping_status":"open","sticky":false,"template":"","format":"standard","meta":{"footnotes":""},"categories":[1],"tags":[],"_links":{"self":[{"href":"https:\/\/www.johanbjorklund.se\/index.php\/wp-json\/wp\/v2\/posts\/1128"}],"collection":[{"href":"https:\/\/www.johanbjorklund.se\/index.php\/wp-json\/wp\/v2\/posts"}],"about":[{"href":"https:\/\/www.johanbjorklund.se\/index.php\/wp-json\/wp\/v2\/types\/post"}],"author":[{"embeddable":true,"href":"https:\/\/www.johanbjorklund.se\/index.php\/wp-json\/wp\/v2\/users\/1"}],"replies":[{"embeddable":true,"href":"https:\/\/www.johanbjorklund.se\/index.php\/wp-json\/wp\/v2\/comments?post=1128"}],"version-history":[{"count":2,"href":"https:\/\/www.johanbjorklund.se\/index.php\/wp-json\/wp\/v2\/posts\/1128\/revisions"}],"predecessor-version":[{"id":1131,"href":"https:\/\/www.johanbjorklund.se\/index.php\/wp-json\/wp\/v2\/posts\/1128\/revisions\/1131"}],"wp:attachment":[{"href":"https:\/\/www.johanbjorklund.se\/index.php\/wp-json\/wp\/v2\/media?parent=1128"}],"wp:term":[{"taxonomy":"category","embeddable":true,"href":"https:\/\/www.johanbjorklund.se\/index.php\/wp-json\/wp\/v2\/categories?post=1128"},{"taxonomy":"post_tag","embeddable":true,"href":"https:\/\/www.johanbjorklund.se\/index.php\/wp-json\/wp\/v2\/tags?post=1128"}],"curies":[{"name":"wp","href":"https:\/\/api.w.org\/{rel}","templated":true}]}}